{"id":11702,"date":"2017-05-17T05:50:44","date_gmt":"2017-05-17T05:50:44","guid":{"rendered":"http:\/\/xn--carsharing-kln-6pb.de\/images\/?p=11702"},"modified":"2017-03-24T17:35:41","modified_gmt":"2017-03-24T17:35:41","slug":"foto-di-forli","status":"publish","type":"post","link":"http:\/\/xn--carsharing-kln-6pb.de\/images\/2017\/05\/17\/foto-di-forli\/","title":{"rendered":"Foto Di Forli"},"content":{"rendered":"<p>Trova foto acconciature in provincia di Forl\u00ec-Cesena. Elenco di tutte le aziende di foto acconciature con prodotti, news, cercooffro e video di foto acconciature Viaggio nelle palestre di Forl\u00ec. Foto Fantini. Spartaco Tassinari 1 20 Spartaco Tassinari 2 20  Vuoi pubblicare o distribuire queste foto. Leggi le condizioni duso. 04122016-31a Maratonina di Voltana. Voltana Lugo-RA-Servizio di Enio Gatta Sito ufficiale della mostra Artdeco presso i Musei di San Domenico a Forl\u00ec, dal 11 Febbraio al 18 Giugno  Invia FOTO invia VIDEO. Home; video e foto; regioni; ultimi; storie; trasmessi in tv; app; home regioni ultimi storie; Neve provoca tamponamenti a ruota: epico tutti Faenza: gli stessi luoghi in immagini di ieri e di oggi Alcune immagini della nostra Citt\u00e0 scattate in anni lontani del scorso secolo. A lato di ogni immagine <img src=\"http:\/\/ierioggiincucina.myblog.it\/media\/02\/00\/3501890055.jpeg\" alt=\"foto di forli\" align=\"center\"> Www Informagiovani. Comune Forli. Fc. It Ufficio Informazione e Accoglienza Turistica. Foto Giorgio Liverani, Archivio Fotografico Provincia di Forl\u00ec-Cesena  <img src=\"http:\/\/3.citynews-forlitoday.stgy.ovh\/~media\/original-hi\/38078159772267\/foto-balivo-viale-italia-big-beta-2.jpg\" alt=\"foto di forli\" align=\"left\"> Pagina Principale Azienda USL della Romagna sede operativa di Forl\u00ec Foto; Video; Zone Menu. A; B; C; D; E; F; G; I; J; L; M; N; O; P; Q; R; S; T; U; V; Z; B; COMUNE; Bagno di Romagna; Borghi; ZONA; Borello; C; ZONA; Cervese Nord Anardia. It-Sito di informazione culturale e spettacolo a cura dellAssociazione Italiana Musicisti. Premio letterario nazionale Citt\u00e0 di Forl\u00ec, Nona Edizione X Factor 5, le foto dei casting di Forl\u00ec. Sei alla foto 1 su un totale di 14 immagini della fotogallery. Guarda altre immagini sfogliando questa e altre gallerie Shiatsu Life di Gabriele Sempreboni-Sirmone-Via Porta Merlonia, Forl\u00ec-Str. Rimbocca C\u00e0 Baccagli, 15, Meldola-Telefono: 39 333 9337323-Email: 32 Console e Videogiochi Oggi, 22: 10-Forli FC Il vecchio e il mare dipinto su tela artista 300 Foto. Radio3 Scienza-8c42-49da-b0d3-324390c22d35 Page-5f295c05-2efd-4655-a3a6-d8313f221e15 articolo dlimg20150575x5614314222334091032x772_Forli <img src=\"http:\/\/www.terrediromagna.org\/images\/Boldini_LoSpettacoloDellaModernit.jpg\" alt=\"foto di forli\" align=\"right\"> EVENTI ORGANIZZATI guarda le foto. Anteprima di Giuseppe Verzocchi: lettura inconsueta di uno strano industriale 2 novembre Novit\u00e0 sul sito: ARTICOLI: FOTO: Timing: le stagioni: British Columbia: Su al Sud: Gacka: LAttesa: Cayo-Cruz: Verso le Sorgenti: Torrenti Romagna: Mistero.<\/p>\n","protected":false},"excerpt":{"rendered":"<p>Trova foto acconciature in provincia di Forl\u00ec-Cesena. Elenco di tutte le aziende di foto acconciature con prodotti, news, cercooffro e video di foto acconciature Viaggio nelle palestre di Forl\u00ec. Foto Fantini. Spartaco Tassinari 1 20 Spartaco Tassinari 2 20 Vuoi pubblicare o distribuire queste foto. Leggi le condizioni duso. 04122016-31a Maratonina di Voltana. Voltana Lugo-RA-Servizio [&hellip;]<\/p>\n","protected":false},"author":1,"featured_media":0,"comment_status":"closed","ping_status":"closed","sticky":false,"template":"","format":"standard","meta":[],"categories":[1],"tags":[],"_links":{"self":[{"href":"http:\/\/xn--carsharing-kln-6pb.de\/images\/wp-json\/wp\/v2\/posts\/11702"}],"collection":[{"href":"http:\/\/xn--carsharing-kln-6pb.de\/images\/wp-json\/wp\/v2\/posts"}],"about":[{"href":"http:\/\/xn--carsharing-kln-6pb.de\/images\/wp-json\/wp\/v2\/types\/post"}],"author":[{"embeddable":true,"href":"http:\/\/xn--carsharing-kln-6pb.de\/images\/wp-json\/wp\/v2\/users\/1"}],"replies":[{"embeddable":true,"href":"http:\/\/xn--carsharing-kln-6pb.de\/images\/wp-json\/wp\/v2\/comments?post=11702"}],"version-history":[{"count":1,"href":"http:\/\/xn--carsharing-kln-6pb.de\/images\/wp-json\/wp\/v2\/posts\/11702\/revisions"}],"predecessor-version":[{"id":11704,"href":"http:\/\/xn--carsharing-kln-6pb.de\/images\/wp-json\/wp\/v2\/posts\/11702\/revisions\/11704"}],"wp:attachment":[{"href":"http:\/\/xn--carsharing-kln-6pb.de\/images\/wp-json\/wp\/v2\/media?parent=11702"}],"wp:term":[{"taxonomy":"category","embeddable":true,"href":"http:\/\/xn--carsharing-kln-6pb.de\/images\/wp-json\/wp\/v2\/categories?post=11702"},{"taxonomy":"post_tag","embeddable":true,"href":"http:\/\/xn--carsharing-kln-6pb.de\/images\/wp-json\/wp\/v2\/tags?post=11702"}],"curies":[{"name":"wp","href":"https:\/\/api.w.org\/{rel}","templated":true}]}}